{"id":1742,"date":"2026-04-05T20:05:59","date_gmt":"2026-04-05T18:05:59","guid":{"rendered":"https:\/\/www.kobkon.cz\/?p=1742"},"modified":"2026-04-21T20:16:52","modified_gmt":"2026-04-21T18:16:52","slug":"akce-v-tydnu-30-brezna-5-dubna","status":"publish","type":"post","link":"https:\/\/www.kobkon.cz\/?p=1742","title":{"rendered":"Akce v t\u00fddnu 30. b\u0159ezna &#8211; 5. dubna"},"content":{"rendered":"\n<p>Zat\u00edmco jedna skupina veter\u00e1n\u016f str\u00e1vila Velikonoce tradi\u010dn\u011b na Vyso\u010din a druh\u00e1 z\u00e1vodn\u011b na Koko\u0159\u00ednsku, tak na\u0161i \u017e\u00e1ci a dorostenci vyrazili pod veden\u00edm tren\u00e9r\u016f do Dob\u0161\u00edna. V p\u00edskovcov\u00fdch skal\u00e1ch \u010cesk\u00e9ho r\u00e1je absolvovali \u0159adu tr\u00e9nink\u016f v r\u00e1mci soust\u0159ed\u011bn\u00ed SCM a SCD Han\u00e1ck\u00e9 oblasti.<\/p>\n\n\n\n<p>\u010cty\u0159i veter\u00e1ni z KOB Konice se od p\u00e1tku do ned\u011ble z\u00fa\u010dastnili t\u0159\u00edetapov\u00fdch z\u00e1vod\u016f Velikonoce ve skal\u00e1ch. Prvn\u00ed etapa se letos b\u011b\u017eela u Nedamova na Koko\u0159\u00ednsku. Dal\u0161\u00ed dv\u011b etapy se pak uskute\u010dnily pobl\u00ed\u017e obce Kozly na pomezi Koko\u0159\u00ednska a \u010cesk\u00e9ho st\u0159edoho\u0159\u00ed. Nejlep\u0161\u00edho v\u00fdsledku dos\u00e1hl Pepa Proch\u00e1zka, kter\u00fd po vyrovnan\u00fdch v\u00fdkonech obsadil v podkategorii H50B t\u0159et\u00ed m\u00edsto. Do boje o medaile v H60 nakonec kv\u016fli diskvalifikaci v E1 bohu\u017eel nezas\u00e1hl La\u010fa Grepl.<\/p>\n\n\n\n<p>Ve st\u0159edu prob\u011bhl minitr\u00e9nink pro nejmlad\u0161\u00ed skupinu na nov\u011b vznikaj\u00edc\u00ed map\u011b \u0160i\u0161t\u00f3t u vlakov\u00e9ho p\u0159ejezdu Konice\/K\u0159emenec. <\/p>\n\n\n\n<p>\u00datern\u00ed O-liga se tentokr\u00e1t b\u011b\u017eela v Praze-Sedlci a zab\u011bhli si ji tak\u00e9 \u0160\u00e1rka a Mirek Bene\u0161ovi. Tra\u0165 A dlouh\u00e1 3,4 km vedla p\u0159ev\u00e1\u017en\u011b v Sedleck\u00fdch sadech nad \u00fadol\u00edm Vltavy s kr\u00e1tk\u00fdm zab\u011bhnut\u00edm do prostoru p\u0159\u00edrodn\u00ed pam\u00e1tky Sedleck\u00e9 sk\u00e1ly.<\/p>\n","protected":false},"excerpt":{"rendered":"<p>Zat\u00edmco jedna skupina veter\u00e1n\u016f str\u00e1vila Velikonoce tradi\u010dn\u011b na Vyso\u010din a druh\u00e1 z\u00e1vodn\u011b na Koko\u0159\u00ednsku, tak na\u0161i \u017e\u00e1ci a dorostenci vyrazili pod veden\u00edm tren\u00e9r\u016f do Dob\u0161\u00edna. V p\u00edskovcov\u00fdch skal\u00e1ch \u010cesk\u00e9ho r\u00e1je absolvovali \u0159adu tr\u00e9nink\u016f v r\u00e1mci soust\u0159ed\u011bn\u00ed SCM a SCD Han\u00e1ck\u00e9 oblasti. \u010cty\u0159i veter\u00e1ni z KOB Konice se od p\u00e1tku do ned\u011ble z\u00fa\u010dastnili t\u0159\u00edetapov\u00fdch z\u00e1vod\u016f Velikonoce [&hellip;]<\/p>\n","protected":false},"author":3,"featured_media":0,"comment_status":"closed","ping_status":"closed","sticky":false,"template":"","format":"standard","meta":{"footnotes":""},"categories":[1],"tags":[],"_links":{"self":[{"href":"https:\/\/www.kobkon.cz\/index.php?rest_route=\/wp\/v2\/posts\/1742"}],"collection":[{"href":"https:\/\/www.kobkon.cz\/index.php?rest_route=\/wp\/v2\/posts"}],"about":[{"href":"https:\/\/www.kobkon.cz\/index.php?rest_route=\/wp\/v2\/types\/post"}],"author":[{"embeddable":true,"href":"https:\/\/www.kobkon.cz\/index.php?rest_route=\/wp\/v2\/users\/3"}],"replies":[{"embeddable":true,"href":"https:\/\/www.kobkon.cz\/index.php?rest_route=%2Fwp%2Fv2%2Fcomments&post=1742"}],"version-history":[{"count":3,"href":"https:\/\/www.kobkon.cz\/index.php?rest_route=\/wp\/v2\/posts\/1742\/revisions"}],"predecessor-version":[{"id":1748,"href":"https:\/\/www.kobkon.cz\/index.php?rest_route=\/wp\/v2\/posts\/1742\/revisions\/1748"}],"wp:attachment":[{"href":"https:\/\/www.kobkon.cz\/index.php?rest_route=%2Fwp%2Fv2%2Fmedia&parent=1742"}],"wp:term":[{"taxonomy":"category","embeddable":true,"href":"https:\/\/www.kobkon.cz\/index.php?rest_route=%2Fwp%2Fv2%2Fcategories&post=1742"},{"taxonomy":"post_tag","embeddable":true,"href":"https:\/\/www.kobkon.cz\/index.php?rest_route=%2Fwp%2Fv2%2Ftags&post=1742"}],"curies":[{"name":"wp","href":"https:\/\/api.w.org\/{rel}","templated":true}]}}